{"id":6987,"date":"2025-02-18T09:45:11","date_gmt":"2025-02-18T08:45:11","guid":{"rendered":"https:\/\/raumfuerkunsthalle.de\/?p=6987"},"modified":"2025-02-18T09:45:23","modified_gmt":"2025-02-18T08:45:23","slug":"at-bakkai-eine-kuenstlerische-forschung-von-nessi-henninglistening-session-prozessbetrachtungat-bakkai-eine-kuenstlerische-forschung-von-nessi-henning","status":"publish","type":"post","link":"https:\/\/raumfuerkunsthalle.de\/en\/at-bakkai-eine-kuenstlerische-forschung-von-nessi-henninglistening-session-prozessbetrachtungat-bakkai-eine-kuenstlerische-forschung-von-nessi-henning\/","title":{"rendered":"AT BAKKAI | Listening Session &#038; Prozessbetrachtung am 20.2.2025 um 17 Uhr im BLECH. \u2013 eine k\u00fcnstlerische Forschung von Nessi Henning"},"content":{"rendered":"\n<p>Liebe Blechis,<\/p>\n\n\n\n<pre class=\"wp-block-preformatted\">Liebe Interessierte!\n\nHerzliche Einladung zur <strong>Listening Session & Prozessbetrachtung<\/strong> \n\nam 20.2.2025\n\nab 17 Uhr im BLECH.\n<strong>\nAT BAKKAI \u2013 eine k\u00fcnstlerische Forschung<\/strong>\n<strong>von Nessi Henning<\/strong>\n\nIch lade euch ein zu einer Listening Session und gemeinsamen Reflexion\nmeines aktuellen Projekts \u201eAT BAKKAI\u201c. In dieser Audioarbeit kommen\nMenschen zu Wort, die in einer Sekte lebten \u2013 einer Gemeinschaft, die\nsich Kunst, Freiheit und Kollektivit\u00e4t auf die Fahnen schrieb, doch\nschnell in Machtmissbrauch, faschistoide Strukturen sowie psychische,\nk\u00f6rperliche und sexuelle Gewalt kippte.\n\nDie Interviews werden erg\u00e4nzt durch Relikte aus musikalischen\nTrance-Sessions, die Lika Dittwalt und ich gemeinsam mit Schauspielenden\nf\u00fcr die Produktion eines Theaterst\u00fccks \u00fcber einen antiken dionysischen\nKult entwickelten. Diese Klangr\u00e4ume verweben sich mit den Erz\u00e4hlungen\nund \u00f6ffnen weitere Ebenen des Erlebens und Nachdenkens.\n\nDie Session bietet Raum zum Zuh\u00f6ren, Nachdenken und Austauschen \u00fcber die\nStimmen, Narrative und Prozesse dieser Forschung. Gemeinsam k\u00f6nnen wir\n\u00fcber die Mechanismen von Kontrolle, Verf\u00fchrung und Widerstand sprechen \u2013\n\u00fcber die Ambivalenz von Gemeinschaft und Macht.\n\nHerzliche Gr\u00fc\u00dfe Eure Nessi Henning\n\u26a0\ufe0f Content-Warnung:\nDie Audioarbeit thematisiert Gewalt und Missbrauch,\nauch Child SA . Bitte achte auf dich und deine Grenzen\n<\/pre>\n\n\n\n<pre class=\"wp-block-preformatted\">Die Arbeit entsteht im Rahmen der graduierten F\u00f6rderung der Burg Giebichenstein.<\/pre>\n","protected":false},"excerpt":{"rendered":"<p>Liebe Blechis, Liebe Interessierte! Herzliche Einladung zur Listening Session &#038; Prozessbetrachtung am 20.2.2025 ab 17 Uhr im BLECH. AT BAKKAI \u2013 eine k\u00fcnstlerische Forschung von Nessi Henning Ich lade euch ein zu einer Listening Session und gemeinsamen Reflexion meines aktuellen Projekts \u201eAT BAKKAI\u201c. In dieser Audioarbeit kommen Menschen zu Wort, die in einer Sekte lebten [&hellip;]<\/p>\n","protected":false},"author":5,"featured_media":0,"comment_status":"closed","ping_status":"closed","sticky":true,"template":"","format":"standard","meta":{"ngg_post_thumbnail":0,"footnotes":""},"categories":[3,13,1],"tags":[],"class_list":["post-6987","post","type-post","status-publish","format-standard","hentry","category-aktuelles","category-archiv","category-allgemein"],"_links":{"self":[{"href":"https:\/\/raumfuerkunsthalle.de\/en\/wp-json\/wp\/v2\/posts\/6987","targetHints":{"allow":["GET"]}}],"collection":[{"href":"https:\/\/raumfuerkunsthalle.de\/en\/wp-json\/wp\/v2\/posts"}],"about":[{"href":"https:\/\/raumfuerkunsthalle.de\/en\/wp-json\/wp\/v2\/types\/post"}],"author":[{"embeddable":true,"href":"https:\/\/raumfuerkunsthalle.de\/en\/wp-json\/wp\/v2\/users\/5"}],"replies":[{"embeddable":true,"href":"https:\/\/raumfuerkunsthalle.de\/en\/wp-json\/wp\/v2\/comments?post=6987"}],"version-history":[{"count":1,"href":"https:\/\/raumfuerkunsthalle.de\/en\/wp-json\/wp\/v2\/posts\/6987\/revisions"}],"predecessor-version":[{"id":6988,"href":"https:\/\/raumfuerkunsthalle.de\/en\/wp-json\/wp\/v2\/posts\/6987\/revisions\/6988"}],"wp:attachment":[{"href":"https:\/\/raumfuerkunsthalle.de\/en\/wp-json\/wp\/v2\/media?parent=6987"}],"wp:term":[{"taxonomy":"category","embeddable":true,"href":"https:\/\/raumfuerkunsthalle.de\/en\/wp-json\/wp\/v2\/categories?post=6987"},{"taxonomy":"post_tag","embeddable":true,"href":"https:\/\/raumfuerkunsthalle.de\/en\/wp-json\/wp\/v2\/tags?post=6987"}],"curies":[{"name":"wp","href":"https:\/\/api.w.org\/{rel}","templated":true}]}}