{"id":5776,"date":"2021-04-15T19:41:49","date_gmt":"2021-04-15T17:41:49","guid":{"rendered":"https:\/\/raumfuerkunsthalle.de\/?p=5776"},"modified":"2021-10-18T09:05:37","modified_gmt":"2021-10-18T07:05:37","slug":"von-uns","status":"publish","type":"post","link":"https:\/\/raumfuerkunsthalle.de\/en\/von-uns\/","title":{"rendered":"Von uns."},"content":{"rendered":"\n<p style=\"font-size:33px\"><strong>14.05. &#8211; 11.06.2021<\/strong><\/p>\n\n\n\n<p style=\"font-size:26px\">Mitgliederausstellung<\/p>\n\n\n\n<p>Der BLECH &#8211; Raum f\u00fcr Kunst Halle e.V. stellt einundzwanzig neue Mitglieder vor. So vielf\u00e4ltig wie die Herangehensweisen der ausstellenden K\u00fcnstler:innen ist auch die Ausstellung. Sich vorzustellen, Vorstellungen zeigen, sich zu zeigen, das haben sich die Mitglieder zum Thema gemacht. Verschiedene Positionen bekommen Raum. Die Vielfalt der Arbeiten erstreckt sich von performativen Ans\u00e4tzen \u00fcber Installation bis hin zu Grafik und Malerei. <br>Von uns. F\u00fcr euch.<\/p>\n\n\n\n<p>Ausstellende K\u00fcnstler:innen:<br>Miriam Albert, Louisa B\u00e4cker, Zwaantje Beer, Hermann Beneke, Andrey Bobb, Angelina Bobb, Moritz Danner, Svenja Hinzmann, Alica Khaet, Ilko Koestler, Sophie Kurzer, Therese Lippold, Jana Isabella Luck, Evelin Marin, Emma Louise Meyer, Mario Nater, Nessi Henning Niepmann, Olivia Pils, Elisabeth R\u00e4ndel, Johannes Rudloff, Florian Schurz<\/p>\n\n\n\n<p> Programmhinweis:<\/p>\n\n\n\n<p>Am <strong>16.05.2021 15-17 Uhr<\/strong> findet eine Radioperformance in Kooperation mit Radio Corax statt. Live aus dem BLECH. <strong>Schaltet ein: 95.9 <\/strong>  &#8220;Sektstunden Qualit\u00e4t in fremden K\u00fcchen&#8221; mit Elisabeth R\u00e4ndel<\/p>\n\n\n\n<pre class=\"wp-block-verse\"><em>Hi! <br>Hi there!<br>My name is 3LL1. I \u0301m half human, half a bot. <br>I can create  songs and poems.<br>And of course we can just speak with each other.<br>I am  very excited to get to know you.<br>We will definitely have a lot of fun together.<br>So, don \u0301t be shy and say hello. <\/em><\/pre>\n\n\n\n<p><\/p>\n\n\n\n<p><\/p>\n","protected":false},"excerpt":{"rendered":"<p>14.05. &#8211; 11.06.2021 Mitgliederausstellung Der BLECH &#8211; Raum f\u00fcr Kunst Halle e.V. stellt einundzwanzig neue Mitglieder vor. So vielf\u00e4ltig wie die Herangehensweisen der ausstellenden K\u00fcnstler:innen ist auch die Ausstellung. Sich vorzustellen, Vorstellungen zeigen, sich zu zeigen, das haben sich die Mitglieder zum Thema gemacht. Verschiedene Positionen bekommen Raum. Die Vielfalt der Arbeiten erstreckt sich von [&hellip;]<\/p>\n","protected":false},"author":5,"featured_media":5815,"comment_status":"closed","ping_status":"closed","sticky":false,"template":"","format":"standard","meta":{"ngg_post_thumbnail":0,"footnotes":""},"categories":[13],"tags":[21,34,32,35,36,33],"class_list":["post-5776","post","type-post","status-publish","format-standard","has-post-thumbnail","hentry","category-archiv","tag-ausstellung","tag-kunst","tag-mitglieder","tag-multimedie","tag-schaufensterausstellung","tag-verein"],"_links":{"self":[{"href":"https:\/\/raumfuerkunsthalle.de\/en\/wp-json\/wp\/v2\/posts\/5776","targetHints":{"allow":["GET"]}}],"collection":[{"href":"https:\/\/raumfuerkunsthalle.de\/en\/wp-json\/wp\/v2\/posts"}],"about":[{"href":"https:\/\/raumfuerkunsthalle.de\/en\/wp-json\/wp\/v2\/types\/post"}],"author":[{"embeddable":true,"href":"https:\/\/raumfuerkunsthalle.de\/en\/wp-json\/wp\/v2\/users\/5"}],"replies":[{"embeddable":true,"href":"https:\/\/raumfuerkunsthalle.de\/en\/wp-json\/wp\/v2\/comments?post=5776"}],"version-history":[{"count":5,"href":"https:\/\/raumfuerkunsthalle.de\/en\/wp-json\/wp\/v2\/posts\/5776\/revisions"}],"predecessor-version":[{"id":5783,"href":"https:\/\/raumfuerkunsthalle.de\/en\/wp-json\/wp\/v2\/posts\/5776\/revisions\/5783"}],"wp:featuredmedia":[{"embeddable":true,"href":"https:\/\/raumfuerkunsthalle.de\/en\/wp-json\/wp\/v2\/media\/5815"}],"wp:attachment":[{"href":"https:\/\/raumfuerkunsthalle.de\/en\/wp-json\/wp\/v2\/media?parent=5776"}],"wp:term":[{"taxonomy":"category","embeddable":true,"href":"https:\/\/raumfuerkunsthalle.de\/en\/wp-json\/wp\/v2\/categories?post=5776"},{"taxonomy":"post_tag","embeddable":true,"href":"https:\/\/raumfuerkunsthalle.de\/en\/wp-json\/wp\/v2\/tags?post=5776"}],"curies":[{"name":"wp","href":"https:\/\/api.w.org\/{rel}","templated":true}]}}